{"id":445,"date":"2016-08-23T16:01:51","date_gmt":"2016-08-23T16:01:51","guid":{"rendered":"http:\/\/georedes.com.co\/geo\/?p=445"},"modified":"2016-08-23T17:01:32","modified_gmt":"2016-08-23T17:01:32","slug":"almacenes-exito-carulla-surtimax-super-inter","status":"publish","type":"post","link":"https:\/\/georedes.com.co\/geo\/2016\/08\/23\/almacenes-exito-carulla-surtimax-super-inter\/","title":{"rendered":"Almacenes \u00c9xito, Carulla, Surtimax, S\u00faper Inter"},"content":{"rendered":"<p style=\"text-align: justify;\"><strong><span style=\"color: #0000ff;\">Proyecto:<\/span><\/strong> Remodelaci\u00f3n el\u00e9ctrica completa de los Carulla la portada al mar, Carulla Holguines Trade Center.<\/p>\n<p style=\"text-align: justify;\"><strong><span style=\"color: #0000ff;\">Descripci\u00f3n:<\/span> <\/strong>Remodelaci\u00f3n el\u00e9ctrica general y cableado estructurado de Almacenes \u00c9xito Cali, Popay\u00e1n, Pasto y Eje Cafetero. Proveedores de mantenimiento el\u00e9ctrico y cableado estructurado.<\/p>\n<p style=\"text-align: justify;\"><a href=\"http:\/\/georedes.com.co\/geo\/wp-content\/uploads\/2016\/08\/exito.png\"><img decoding=\"async\" loading=\"lazy\" class=\"alignnone size-full wp-image-192\" src=\"http:\/\/georedes.com.co\/geo\/wp-content\/uploads\/2016\/08\/exito.png\" alt=\"exito\" width=\"136\" height=\"92\" \/><\/a><a href=\"http:\/\/georedes.com.co\/geo\/wp-content\/uploads\/2016\/08\/carulla.png\"><img decoding=\"async\" loading=\"lazy\" class=\"alignnone size-full wp-image-193\" src=\"http:\/\/georedes.com.co\/geo\/wp-content\/uploads\/2016\/08\/carulla.png\" alt=\"carulla\" width=\"116\" height=\"91\" \/><\/a><a href=\"http:\/\/georedes.com.co\/geo\/wp-content\/uploads\/2016\/08\/surtimax.png\"><img decoding=\"async\" loading=\"lazy\" class=\"alignnone size-full wp-image-191\" src=\"http:\/\/georedes.com.co\/geo\/wp-content\/uploads\/2016\/08\/surtimax.png\" alt=\"surtimax\" width=\"150\" height=\"92\" \/><\/a><a href=\"http:\/\/georedes.com.co\/geo\/wp-content\/uploads\/2016\/08\/superinter.png\"><img decoding=\"async\" loading=\"lazy\" class=\"alignnone size-full wp-image-190\" src=\"http:\/\/georedes.com.co\/geo\/wp-content\/uploads\/2016\/08\/superinter.png\" alt=\"superinter\" width=\"143\" height=\"95\" \/><\/a><\/p>\n","protected":false},"excerpt":{"rendered":"<p>Proyecto: Remodelaci\u00f3n el\u00e9ctrica completa de los Carulla la portada al mar, Carulla Holguines Trade Center. Descripci\u00f3n: Remodelaci\u00f3n el\u00e9ctrica general y cableado estructurado de Almacenes \u00c9xito Cali, Popay\u00e1n, Pasto y Eje Cafetero. Proveedores de mantenimiento el\u00e9ctrico y cableado estructurado.<\/p>\n","protected":false},"author":2,"featured_media":192,"comment_status":"open","ping_status":"open","sticky":false,"template":"","format":"standard","meta":{"ngg_post_thumbnail":0},"categories":[10],"tags":[],"aioseo_notices":[],"_links":{"self":[{"href":"https:\/\/georedes.com.co\/geo\/wp-json\/wp\/v2\/posts\/445"}],"collection":[{"href":"https:\/\/georedes.com.co\/geo\/wp-json\/wp\/v2\/posts"}],"about":[{"href":"https:\/\/georedes.com.co\/geo\/wp-json\/wp\/v2\/types\/post"}],"author":[{"embeddable":true,"href":"https:\/\/georedes.com.co\/geo\/wp-json\/wp\/v2\/users\/2"}],"replies":[{"embeddable":true,"href":"https:\/\/georedes.com.co\/geo\/wp-json\/wp\/v2\/comments?post=445"}],"version-history":[{"count":2,"href":"https:\/\/georedes.com.co\/geo\/wp-json\/wp\/v2\/posts\/445\/revisions"}],"predecessor-version":[{"id":544,"href":"https:\/\/georedes.com.co\/geo\/wp-json\/wp\/v2\/posts\/445\/revisions\/544"}],"wp:featuredmedia":[{"embeddable":true,"href":"https:\/\/georedes.com.co\/geo\/wp-json\/wp\/v2\/media\/192"}],"wp:attachment":[{"href":"https:\/\/georedes.com.co\/geo\/wp-json\/wp\/v2\/media?parent=445"}],"wp:term":[{"taxonomy":"category","embeddable":true,"href":"https:\/\/georedes.com.co\/geo\/wp-json\/wp\/v2\/categories?post=445"},{"taxonomy":"post_tag","embeddable":true,"href":"https:\/\/georedes.com.co\/geo\/wp-json\/wp\/v2\/tags?post=445"}],"curies":[{"name":"wp","href":"https:\/\/api.w.org\/{rel}","templated":true}]}}